{"id":379,"date":"2024-05-30T15:35:11","date_gmt":"2024-05-30T13:35:11","guid":{"rendered":"https:\/\/agirpourmauleonlicharre.fr\/?p=379"},"modified":"2024-06-01T09:21:06","modified_gmt":"2024-06-01T07:21:06","slug":"la-demographie-en-soule","status":"publish","type":"post","link":"https:\/\/agirpourmauleonlicharre.fr\/?p=379","title":{"rendered":"La d\u00e9mographie en Soule"},"content":{"rendered":"\n<p><strong>Les faits sont affich\u00e9s dans le tableau en pi\u00e8ce jointe et affich\u00e9 aussi ci-dessous.<\/strong><\/p>\n\n\n\n<div class=\"wp-block-file\"><object class=\"wp-block-file__embed\" data=\"https:\/\/agirpourmauleonlicharre.fr\/wp-content\/uploads\/2024\/05\/Point-population-Soule-au-01-janvier-2024.pdf\" type=\"application\/pdf\" style=\"width:100%;height:600px\" aria-label=\"Contenu embarqu\u00e9 Point-population-Soule-au-01-janvier-2024.\"><\/object><a id=\"wp-block-file--media-7d4a5b50-9e49-4aca-a8dc-715ef2a23870\" href=\"https:\/\/agirpourmauleonlicharre.fr\/wp-content\/uploads\/2024\/05\/Point-population-Soule-au-01-janvier-2024.pdf\">Point-population-Soule-au-01-janvier-2024<\/a><a href=\"https:\/\/agirpourmauleonlicharre.fr\/wp-content\/uploads\/2024\/05\/Point-population-Soule-au-01-janvier-2024.pdf\" class=\"wp-block-file__button\" download aria-describedby=\"wp-block-file--media-7d4a5b50-9e49-4aca-a8dc-715ef2a23870\">T\u00e9l\u00e9charger<\/a><\/div>\n\n\n\n<p class=\"has-black-color has-text-color\">L&rsquo;Insee publie en fin d&rsquo;ann\u00e9e les chiffres de la population fran\u00e7aise par communes sur son site internet. C&rsquo;est ce qui est collect\u00e9 dans le tableau ci-dessus.<\/p>\n\n\n\n<p class=\"has-black-color has-text-color\">L&rsquo;analyse se fait sur le bassin de vie : Qu&rsquo;une commune gagne quelques habitants quand sa voisine en perd n&rsquo;a rien de significatif.<\/p>\n\n\n\n<p class=\"has-black-color has-text-color\">La perte de population souletine sur les derni\u00e8res 8 ann\u00e9es a \u00e9t\u00e9 de 575 habitants, perte proportionnellement r\u00e9partie entre basse et haute Soule. <\/p>\n\n\n\n<p class=\"has-black-color has-text-color\">Si le taux de perte annuel para\u00eet faible (0.5 % ), cette perte est continue et repr\u00e9sente la perte d&rsquo;un village comme Barcus, Tardets ou bien Ordiarp en seulement 8 ans donc, de 2016 \u00e0 2024. <\/p>\n\n\n\n<p class=\"has-vivid-green-cyan-color has-text-color\"><strong>Les commentaires d&rsquo;Agir Ensemble<\/strong> :<\/p>\n\n\n\n<p class=\"has-black-color has-text-color\">La d\u00e9mographie est une science du temps long. Elle ne s&rsquo;inverse pas d&rsquo;un claquement de doigts ou bien \u00e0 la suite d&rsquo;injonctions politiques.<\/p>\n\n\n\n<p class=\"has-black-color has-text-color\">Une des explications de cette perte d\u00e9mographique continue est que la vall\u00e9e de la Soule est enclav\u00e9e et \u00e9loign\u00e9e des agglom\u00e9rations les plus proches de Pau et Bayonne et qu&rsquo;elle ne b\u00e9n\u00e9ficie que tr\u00e9s peu de l&rsquo;attractivit\u00e9 de ces agglom\u00e9rations.  Il y a tr\u00e9s peu de trajets domicile travail quotidiens entre Pau ou Bayonne et Maul\u00e9on. <\/p>\n\n\n\n<p class=\"has-black-color has-text-color\">Selon les \u00e9tudes, 75 % en moyenne des habitants en \u00e2ge de travailler de Soule travaillent en Soule : La d\u00e9mographie ne peut donc r\u00e9sister que si le nombre d&#8217;emplois se maintient en Soule. Ceci devrait faire l&rsquo;objet d&rsquo;un d\u00e9b\u00e2t ouvert et partag\u00e9 entre tous pour y r\u00e9fl\u00e9chir.<\/p>\n\n\n\n<p class=\"has-black-color has-text-color\">Mais pour cela, il faut en r\u00e9unir les conditions :<\/p>\n\n\n\n<ul class=\"has-black-color has-text-color\"><li>D&rsquo;abord, diffuser les donn\u00e9es officielles de l&rsquo;Insee pour que chacun ait les \u00e9l\u00e9ments de base de la r\u00e9flexion. C&rsquo;est ce que nous faisons ici<\/li><li>Et ensuite, ne pas se bercer d&rsquo;illusions comme le fait la CAPB quand, en 2022, les hypoth\u00e8ses du Plan Local d&rsquo;Urbanisme de la Soule pr\u00e9voient que la Soule comptera 1 000 habitants de plus en 2035.<\/li><\/ul>\n\n\n\n<p class=\"has-vivid-green-cyan-color has-text-color\"><strong>Car comment imaginer que la tendance s&rsquo;inverserait \u00e0 ce point : Alors que nous avons perdu 70 habitants par an sur les 8 ann\u00e9es pass\u00e9es, nous en gagnerions 100 par an sur les 10 ann\u00e9es \u00e0 venir !<\/strong> <\/p>\n\n\n\n<p>Ces chiffres pr\u00e9occupants am\u00e8nent \u00e0 des cons\u00e9quences directes sur nos services publics, nos \u00e9coles et coll\u00e8ges etc.<\/p>\n\n\n\n<p>Pour notre part, nous ne voyons aucun projet port\u00e9 par la CAPB en Soule qui vise \u00e0 inverser cette tendance d\u00e9mographique. Mais peut-\u00eatre n&rsquo;avons nous pas les bonnes lunettes ? <\/p>\n\n\n\n<p>Rendez-vous en d\u00e9but 2025 pour le prochain d\u00e9compte de l&rsquo;Insee.<\/p>\n","protected":false},"excerpt":{"rendered":"<p>Les faits sont affich\u00e9s dans le tableau en pi\u00e8ce jointe et affich\u00e9 aussi ci-dessous. L&rsquo;Insee publie en fin d&rsquo;ann\u00e9e les chiffres de la population fran\u00e7aise par communes sur son site internet. C&rsquo;est ce qui est collect\u00e9 dans le tableau ci-dessus. L&rsquo;analyse se fait sur le bassin de vie : Qu&rsquo;une commune gagne quelques habitants quand [&hellip;]<\/p>\n","protected":false},"author":2,"featured_media":0,"comment_status":"closed","ping_status":"closed","sticky":false,"template":"","format":"standard","meta":{"_et_pb_use_builder":"","_et_pb_old_content":"","_et_gb_content_width":""},"categories":[9,7,1],"tags":[],"_links":{"self":[{"href":"https:\/\/agirpourmauleonlicharre.fr\/index.php?rest_route=\/wp\/v2\/posts\/379"}],"collection":[{"href":"https:\/\/agirpourmauleonlicharre.fr\/index.php?rest_route=\/wp\/v2\/posts"}],"about":[{"href":"https:\/\/agirpourmauleonlicharre.fr\/index.php?rest_route=\/wp\/v2\/types\/post"}],"author":[{"embeddable":true,"href":"https:\/\/agirpourmauleonlicharre.fr\/index.php?rest_route=\/wp\/v2\/users\/2"}],"replies":[{"embeddable":true,"href":"https:\/\/agirpourmauleonlicharre.fr\/index.php?rest_route=%2Fwp%2Fv2%2Fcomments&post=379"}],"version-history":[{"count":10,"href":"https:\/\/agirpourmauleonlicharre.fr\/index.php?rest_route=\/wp\/v2\/posts\/379\/revisions"}],"predecessor-version":[{"id":442,"href":"https:\/\/agirpourmauleonlicharre.fr\/index.php?rest_route=\/wp\/v2\/posts\/379\/revisions\/442"}],"wp:attachment":[{"href":"https:\/\/agirpourmauleonlicharre.fr\/index.php?rest_route=%2Fwp%2Fv2%2Fmedia&parent=379"}],"wp:term":[{"taxonomy":"category","embeddable":true,"href":"https:\/\/agirpourmauleonlicharre.fr\/index.php?rest_route=%2Fwp%2Fv2%2Fcategories&post=379"},{"taxonomy":"post_tag","embeddable":true,"href":"https:\/\/agirpourmauleonlicharre.fr\/index.php?rest_route=%2Fwp%2Fv2%2Ftags&post=379"}],"curies":[{"name":"wp","href":"https:\/\/api.w.org\/{rel}","templated":true}]}}